{"id":2388,"date":"2012-08-02T23:41:26","date_gmt":"2012-08-03T03:41:26","guid":{"rendered":"http:\/\/www.socialdoc.net\/magnus\/?p=2388"},"modified":"2015-06-27T14:40:51","modified_gmt":"2015-06-27T18:40:51","slug":"1948-2012","status":"publish","type":"post","link":"https:\/\/www.socialdoc.net\/magnus\/2012\/08\/02\/1948-2012\/","title":{"rendered":"1948 &#8211; 2012"},"content":{"rendered":"<p style=\"text-align: center;\"><img loading=\"lazy\" decoding=\"async\" class=\"aligncenter\" src=\"http:\/\/www.cbc.ca\/gfx\/images\/arts\/topstories\/2012\/08\/03\/hi-magnus-isaacson-8col.jpg\" alt=\"\" width=\"434\" height=\"244\" \/><\/p>\n<p>Our dear friend, father, brother, colleague, militant, activist has passed away Thursday August 2nd, 2012, after a struggle with cancer.<\/p>\n<p><em>Magnus, notre ami, p\u00e8re, fr\u00e8re, miltant, activiste, coll\u00e8gue est d\u00e9c\u00e9d\u00e9 jeudi, le 2 ao\u00fbt suite \u00e0 un combat contre le cancer.<\/em><\/p>\n<p>&#8211; &#8211; &#8211; &#8211; &#8211; &#8211; &#8211; &#8211; &#8211; &#8211; &#8211; &#8211; &#8211; &#8211; &#8211; &#8211; &#8211;<\/p>\n<p><a title=\"A Word From Jocelyne and Others\u2026\" href=\"http:\/\/www.socialdoc.net\/magnus\/2012\/08\/22\/a-word-from-jocelyne-and-others\/\">Read friend&#8217;s words in this post.<em><br \/>\n<\/em><\/a><\/p>\n<p>Read <a href=\"http:\/\/blogs.montrealgazette.com\/2012\/08\/03\/montreal-documentary-filmmakeractivist-magnus-isacssons-voice-silenced\/\">The Gazette&#8217;s obituary<\/a> and the <a title=\"CBC-Magnus Isacsson Obit\" href=\"http:\/\/www.cbc.ca\/news\/canada\/montreal\/story\/2012\/08\/03\/magnus-isacsson-obit.html\" target=\"_blank\">report from the CBC<\/a>. Et <a title=\"Mort d'une conscience engagee\" href=\"http:\/\/www.ledevoir.com\/culture\/cinema\/356069\/mort-d-une-conscience-engagee\" target=\"_blank\">ici, dans <em>le Devoir<\/em><\/a>.<\/p>\n<p>Marc Glassman, editor of <a title=\"POV Magazine-Tumblr\" href=\"http:\/\/pointofviewmagazine.tumblr.com\/\" target=\"_blank\">POV magazine<\/a>, had conducted an extensive career interview with Magnus about six months ago.<\/p>\n<blockquote><p>One word comes to mind when I think of Magnus: <strong>integrity<\/strong>. As an artist, as a family man, as a friend, he was always full value. He never let himself\u2014or anyone else\u2014down.<\/p>\n<p>He came to documentary out of a profound desire to expose injustices in the world. Magnus had a deep sense of what\u2019s right and wrong and he used his camera to bring to light the causes and concerns of at-risk youths in Montreal North, Canada\u2019s Native peoples and the homeless in city cores. He was fearless, taking on institutions ranging from McDonald\u2019s to the Quebec government.<\/p>\n<p>Magnus\u2019 cinema became more personal as he matured as a filmmaker. The wonderful duo in <em>Art in Action<\/em>, the feisty<em> Choir Boys<\/em> and the amazing <em>Raging Grannies<\/em> came to life under Magnus\u2019 quiet and compassionate gaze. Without losing a sense of the political, Magnus created indelible portraits of people he came to know and respect.<\/p>\n<p>I\u2019ve been lucky enough to spend time with Magnus and his wonderful family\u2014-Jocelyne and Bethiele in Montreal and Anna in Toronto. What\u2019s struck me is that Magnus was ever present, participating to the fullest in his personal life as he did in his work as a documentarian. Whether it was riding his bike up the mountain three times a week or keeping an insightful and intelligent doc blog or having a dinner with family and friends, Magnus did it with commitment and style. His life and work is an inspiration to us all.<\/p>\n<p><em>Marc Glassman <\/em><\/p><\/blockquote>\n<p>The full version of the POV interview can be found online here: <a title=\"POV Magazine\" href=\"http:\/\/pointofviewmagazine.tumblr.com\/post\/28637417985\/magnus-isacsson-advocate-and-auteur\" target=\"_blank\">POV Magazine- Magnus Isacsson- Advocate and Auteur.\u00a0<\/a><\/p>\n<p>In the next while we will post some of the tributes that are coming in.<\/p>\n","protected":false},"excerpt":{"rendered":"<p>Our dear friend, father, brother, colleague, militant, activist has passed away Thursday August 2nd, 2012, after a struggle with cancer. Magnus, notre ami, p\u00e8re, fr\u00e8re, miltant, activiste, coll\u00e8gue est d\u00e9c\u00e9d\u00e9 jeudi, le 2 ao\u00fbt suite \u00e0 un combat contre le cancer. &#8211; &#8211; &#8211; &#8211; &#8211; &#8211; &#8211; &#8211; &#8211; &#8211; &#8211; &#8211; &#8211; &#8211; &hellip; <a href=\"https:\/\/www.socialdoc.net\/magnus\/2012\/08\/02\/1948-2012\/\" class=\"more-link\">Continue reading <span class=\"screen-reader-text\">1948 &#8211; 2012<\/span><\/a><\/p>\n","protected":false},"author":6,"featured_media":0,"comment_status":"open","ping_status":"open","sticky":false,"template":"","format":"standard","meta":{"footnotes":""},"categories":[11,29],"tags":[813,814,811,816,460,812,810,127,824],"class_list":["post-2388","post","type-post","status-publish","format-standard","hentry","category-english","category-tribute","tag-age-64","tag-aug-2-2012","tag-condolences","tag-jocelyne-et-bethiele","tag-magnus-isacsson","tag-memoriam","tag-pov-interview","tag-pov-magazine","tag-tribute"],"_links":{"self":[{"href":"https:\/\/www.socialdoc.net\/magnus\/wp-json\/wp\/v2\/posts\/2388","targetHints":{"allow":["GET"]}}],"collection":[{"href":"https:\/\/www.socialdoc.net\/magnus\/wp-json\/wp\/v2\/posts"}],"about":[{"href":"https:\/\/www.socialdoc.net\/magnus\/wp-json\/wp\/v2\/types\/post"}],"author":[{"embeddable":true,"href":"https:\/\/www.socialdoc.net\/magnus\/wp-json\/wp\/v2\/users\/6"}],"replies":[{"embeddable":true,"href":"https:\/\/www.socialdoc.net\/magnus\/wp-json\/wp\/v2\/comments?post=2388"}],"version-history":[{"count":10,"href":"https:\/\/www.socialdoc.net\/magnus\/wp-json\/wp\/v2\/posts\/2388\/revisions"}],"predecessor-version":[{"id":2477,"href":"https:\/\/www.socialdoc.net\/magnus\/wp-json\/wp\/v2\/posts\/2388\/revisions\/2477"}],"wp:attachment":[{"href":"https:\/\/www.socialdoc.net\/magnus\/wp-json\/wp\/v2\/media?parent=2388"}],"wp:term":[{"taxonomy":"category","embeddable":true,"href":"https:\/\/www.socialdoc.net\/magnus\/wp-json\/wp\/v2\/categories?post=2388"},{"taxonomy":"post_tag","embeddable":true,"href":"https:\/\/www.socialdoc.net\/magnus\/wp-json\/wp\/v2\/tags?post=2388"}],"curies":[{"name":"wp","href":"https:\/\/api.w.org\/{rel}","templated":true}]}}