{"id":29,"date":"2007-11-21T00:11:11","date_gmt":"2007-11-21T04:11:11","guid":{"rendered":"http:\/\/www.socialdoc.net\/magnus\/2007\/11\/21\/cloture-des-10e-rencontres-du-documentaire-de-montreal\/"},"modified":"2007-11-28T09:29:28","modified_gmt":"2007-11-28T13:29:28","slug":"cloture-des-10e-rencontres-du-documentaire-de-montreal","status":"publish","type":"post","link":"https:\/\/www.socialdoc.net\/magnus\/2007\/11\/21\/cloture-des-10e-rencontres-du-documentaire-de-montreal\/","title":{"rendered":"Cl\u00f4ture des 10e Rencontres du Documentaire de Montr\u00e9al"},"content":{"rendered":"<p><a href=\"http:\/\/www.flickr.com\/photos\/12509341@N03\/2051145445\/\" title=\"shakethedeviloff by misacsson, on Flickr\"><img loading=\"lazy\" decoding=\"async\" src=\"http:\/\/farm3.static.flickr.com\/2356\/2051145445_f62d89fbea.jpg\" alt=\"shakethedeviloff\" height=\"281\" width=\"500\" \/><\/a><\/p>\n<p>Le p\u00e8re Jer\u00f4me Ledoux, personnage principal du film &#8216;Shake the Devil Off.&#8217;<\/p>\n<p>(There will be an english translation of this post in a few days.)<\/p>\n<p>Les <a href=\"http:\/\/www.ridm.qc.ca\/fr\/accueil.html\" title=\"Site web du festival\">Rencontres<\/a> (Montr\u00e9al) se sont termin\u00e9es en beaut\u00e9, avec un <strong>film de cl\u00f4ture que j&#8217;ai ador\u00e9, &#8216;Shake the Devil Off&#8217; <\/strong>( &#8216;Chassez le d\u00e9mon&#8217;) de <a href=\"http:\/\/www.swissfilms.ch\/detail_p.asp?PNr=1755\" title=\"Swiss films bio court\"><strong>Peter Entell<\/strong>,<\/a> de la Suisse. Tourn\u00e9 \u00e0 Nouvelle-Orl\u00e9ans, le film documente la lutte d&#8217;une population majoritairement noire pour la sauvegarde de sa paroisse, St.Augustin. Dans ce coin d\u00e9vast\u00e9 par le passage de l&#8217;ouragan Katrina, l&#8217;\u00e9glise  avec son merveilleux pasteur repr\u00e9sente \u00e0 la fois leur identit\u00e9 historique et une solidarit\u00e9 actuelle. Mais la hi\u00e9rarchie de l&#8217;\u00c9glise catholique trouve qu&#8217;elle ne rapporte pas assez. L&#8217;archev\u00eaque veut la fermer, il veut imposer un cur\u00e9 blanc de la paroisse \u00e0 c\u00f4t\u00e9. Le film suit toute la bataille qui s&#8217;ensuit d&#8217;une fa\u00e7on exemplaire, se collant \u00e0 la peau des personnages, croquant tous les rebondissements et revirements de situation. L&#8217;utilisation de la musique pour rappeller l&#8217;h\u00e9ritage de l&#8217;\u00e9sclavage et de la culture afro-am\u00e9ricaine est merveilleuse et rythme le film.  Un vrai chef d&#8217;oeuvre !<\/p>\n<p><strong>Le pr\u00eatre Jer\u00f4me Ledoux<\/strong> est un personnage extraordinaire, et il \u00e9tait l\u00e0, en compagnie de Peter Entell pour la cc\u00e9r\u00e9monie de cl\u00f4ture. Dansant sur la sc\u00e8ne, il a r\u00e9ussi  \u00e0 entra\u00eener toute la salle dans des gospels !<\/p>\n<p><a href=\"http:\/\/www.flickr.com\/photos\/12509341@N03\/2051930772\/\" title=\"P\u00e8re Ledoux 071117-358 by misacsson, on Flickr\"><img loading=\"lazy\" decoding=\"async\" src=\"http:\/\/farm3.static.flickr.com\/2149\/2051930772_15b4dfb4c0.jpg\" alt=\"P\u00e8re Ledoux 071117-358\" height=\"500\" width=\"335\" \/><\/a><\/p>\n<p>Merci au RIDM pour la belle programmation, et pour les photos.<\/p>\n","protected":false},"excerpt":{"rendered":"<p>Le p\u00e8re Jer\u00f4me Ledoux, personnage principal du film &#8216;Shake the Devil Off.&#8217; (There will be an english translation of this post in a few days.) Les Rencontres (Montr\u00e9al) se sont termin\u00e9es en beaut\u00e9, avec un film de cl\u00f4ture que j&#8217;ai ador\u00e9, &#8216;Shake the Devil Off&#8217; ( &#8216;Chassez le d\u00e9mon&#8217;) de Peter Entell, de la Suisse. &hellip; <a href=\"https:\/\/www.socialdoc.net\/magnus\/2007\/11\/21\/cloture-des-10e-rencontres-du-documentaire-de-montreal\/\" class=\"more-link\">Continue reading <span class=\"screen-reader-text\">Cl\u00f4ture des 10e Rencontres du Documentaire de Montr\u00e9al<\/span><\/a><\/p>\n","protected":false},"author":2,"featured_media":0,"comment_status":"open","ping_status":"open","sticky":false,"template":"","format":"standard","meta":{"footnotes":""},"categories":[10,9,3],"tags":[],"class_list":["post-29","post","type-post","status-publish","format-standard","hentry","category-festivals","category-francais","category-film"],"_links":{"self":[{"href":"https:\/\/www.socialdoc.net\/magnus\/wp-json\/wp\/v2\/posts\/29","targetHints":{"allow":["GET"]}}],"collection":[{"href":"https:\/\/www.socialdoc.net\/magnus\/wp-json\/wp\/v2\/posts"}],"about":[{"href":"https:\/\/www.socialdoc.net\/magnus\/wp-json\/wp\/v2\/types\/post"}],"author":[{"embeddable":true,"href":"https:\/\/www.socialdoc.net\/magnus\/wp-json\/wp\/v2\/users\/2"}],"replies":[{"embeddable":true,"href":"https:\/\/www.socialdoc.net\/magnus\/wp-json\/wp\/v2\/comments?post=29"}],"version-history":[{"count":0,"href":"https:\/\/www.socialdoc.net\/magnus\/wp-json\/wp\/v2\/posts\/29\/revisions"}],"wp:attachment":[{"href":"https:\/\/www.socialdoc.net\/magnus\/wp-json\/wp\/v2\/media?parent=29"}],"wp:term":[{"taxonomy":"category","embeddable":true,"href":"https:\/\/www.socialdoc.net\/magnus\/wp-json\/wp\/v2\/categories?post=29"},{"taxonomy":"post_tag","embeddable":true,"href":"https:\/\/www.socialdoc.net\/magnus\/wp-json\/wp\/v2\/tags?post=29"}],"curies":[{"name":"wp","href":"https:\/\/api.w.org\/{rel}","templated":true}]}}