{"id":742,"date":"2009-12-08T00:39:54","date_gmt":"2009-12-08T04:39:54","guid":{"rendered":"http:\/\/www.socialdoc.net\/magnus\/?p=742"},"modified":"2009-12-08T00:39:54","modified_gmt":"2009-12-08T04:39:54","slug":"mon-documentaire-prefere-cette-annee-les-damnes-de-la-mer","status":"publish","type":"post","link":"https:\/\/www.socialdoc.net\/magnus\/2009\/12\/08\/mon-documentaire-prefere-cette-annee-les-damnes-de-la-mer\/","title":{"rendered":"Mon documentaire pr\u00e9f\u00e9r\u00e9 cette ann\u00e9e: Les damn\u00e9s de la mer"},"content":{"rendered":"<p><a title=\"Les damn\u00e9s de la mer by misacsson, on Flickr\" href=\"http:\/\/www.flickr.com\/photos\/12509341@N03\/4164884943\/\"><img loading=\"lazy\" decoding=\"async\" src=\"http:\/\/farm3.static.flickr.com\/2677\/4164884943_c91822d3bc.jpg\" alt=\"Les damn\u00e9s de la mer\" width=\"500\" height=\"334\" \/><\/a><\/p>\n<p>Aux <a href=\"http:\/\/www.ridm.qc.ca\/fr\/accueil.html\" target=\"_blank\">Rencontres internationales du documentaire de Montr\u00e9al<\/a> j&#8217;ai vu un film formidable, intitul\u00e9 <a href=\"http:\/\/www.ridm.qc.ca\/fr\/_evenements\/seanceFr_2009QC01.html\" target=\"_blank\">Les Damn\u00e9s de la mer<\/a> &#8211; qui a re\u00e7u le prix du meilleur film dans la section \u00c9cosoci\u00e9t\u00e9. C&#8217;est aussi un film qui a eu un impact dans la r\u00e9alit\u00e9 qu&#8217;il d\u00e9crit. Le r\u00e9alisateur <a href=\"http:\/\/www.africine.org\/?menu=fiche&amp;no=9156\" target=\"_blank\">Jawad Rhalib<\/a> filme avec aplomb la surexploitation des ressources de p\u00eache du Sud de la c\u00f4te Atlantique du Maroc par d&#8217;\u00e9normes chalutiers venant d&#8217;autre pays, qui laissent les p\u00eacheurs c\u00f4tiers dans une situation intenable de p\u00e9nurie et de mis\u00e8re. Rhalib a eu acc\u00e8s \u00e0 des chalutiers Su\u00e9dois qui sortent de l&#8217;eau d&#8217;\u00e9normes quantit\u00e9s de poisson \u00e0 l&#8217;aide d&#8217;instruments ultra-modernes mais aussi de m\u00e9thodes ill\u00e9gales. Les images sont impressionantes. Il les met en contraste avec le mat\u00e9riel tourn\u00e9 de fa\u00e7on tr\u00e8s subtile, pr\u00e8s des personnages, dans le village c\u00f4tier de La Sarga, ou les p\u00eacheurs ne savent plus quoi faire pour assurer leur survie. Et au coeur de cette situation il situe une femme, Ghizlaine, qui se bat contre une discrimination bien install\u00e9e qui r\u00e9serve le droit de p\u00eacher aux hommes. C&#8217;est un coup de g\u00e9nie qui donne une dimension additionelle \u00e0 un film d\u00e9j\u00e0 porteur de probl\u00e9matiques essentielles.<\/p>\n<p>J&#8217;ai pos\u00e9 deux questions \u00e0 Jawad Rhalib.<\/p>\n<p><em>Ton film a l&#8217;air tellement parfait. Est-ce que tu l&#8217;avais sc\u00e9naris\u00e9, ou imagin\u00e9 comme il est l\u00e0, ou les morceaux sont tomb\u00e9s en place \u00e0 mesure que tu travaillais ?<\/em><\/p>\n<p><!--[if gte mso 9]><xml> <o:DocumentProperties> <o:Template>Normal<\/o:Template> <o:Revision>0<\/o:Revision> <o:TotalTime>0<\/o:TotalTime> <o:Pages>1<\/o:Pages> <o:Words>214<\/o:Words> <o:Characters>1222<\/o:Characters> <o:Lines>10<\/o:Lines> <o:Paragraphs>2<\/o:Paragraphs> <o:CharactersWithSpaces>1500<\/o:CharactersWithSpaces> <o:Version>11.773<\/o:Version> <\/o:DocumentProperties> <o:OfficeDocumentSettings> <o:AllowPNG \/> <\/o:OfficeDocumentSettings> <\/xml><![endif]--><!--[if gte mso 9]><xml> <w:WordDocument> <w:Zoom>0<\/w:Zoom> <w:DoNotShowRevisions \/> <w:DoNotPrintRevisions \/> <w:DisplayHorizontalDrawingGridEvery>0<\/w:DisplayHorizontalDrawingGridEvery> <w:DisplayVerticalDrawingGridEvery>0<\/w:DisplayVerticalDrawingGridEvery> <w:UseMarginsForDrawingGridOrigin \/> <\/w:WordDocument> <\/xml><![endif]--> <!--StartFragment--><\/p>\n<p class=\"MsoNormal\">Jawad: Si vous avez l&#8217;occasion de voir mon avant-dernier film \u201c<a href=\"http:\/\/www.cinebel.be\/fr\/film\/1001927-El-Ejido,-la-loi-du-profit.htm\" target=\"_blank\">El Ejido, la loi du profit<\/a>\u201d, vous comprendrez ma fa\u00e7on de filmer, de traiter mes sujets, de leur donner la parole. Il y a toute un processus de rep\u00e9rage, de rencontre avec les personnes et d&#8217;\u00e9criture, il y a un canevas, un traitement qui me permet de savoir o\u00f9 aller. Je ne filme jamais \u00e0 l&#8217;aveuglette, je ne pars jamais \u00e0 la chasse \u00e0 l&#8217;image et dire \u00ab on filme et on verra ce que nous ferons avec les images apr\u00e8s \u00bb, je suis contre ce proc\u00e9d\u00e9 sauf si on fait du reportage d&#8217;investigation. J&#8217;ai une histoire, des personnes et je d\u00e9cide de la fa\u00e7on dont je vais les mettre en avant, mettre au devant de la sc\u00e8ne leur message, choisir la meilleure forme. Bien entendu, il y a toujours des surprises vu que ce sont des personnes r\u00e9elles, mais g\u00e9n\u00e9ralement ce sont toujours de bonnes surprises. Un r\u00e9alisateur doit avoir aussi de la chance.<\/p>\n<p class=\"MsoNormal\"><span> <\/span><\/p>\n<p class=\"MsoNormal\">Pour Ghizlane, oui, au moment o\u00f9 je l&#8217;ai rencontr\u00e9 je savais qu&#8217;elle allait \u00eatre mon personnage central, mais il y aussi l&#8217;histoire de la f\u00eate du mouton. Ghizlane \u00e9tait l&#8217;\u00e9l\u00e9ment qui ramenait un peu l&#8217;histoire \u00e0 sa dimension humaine. J&#8217;ai toujours \u00e9tait sensible \u00e0 la situation de la femme dans mon pays d&#8217;origine, et avoir une histoire de femme au milieu de la mondialisation, le profit, la globalisation \u00e9tait tout simplement parfait. Ghizlane c&#8217;est un peu l&#8217;histoire dans l&#8217;histoire. Bien s\u00fbr, il ne faut pas mettre de c\u00f4t\u00e9 les autres personnes qui restent aussi forts que la femme.<\/p>\n<p><!--EndFragment--><br \/>\n<em>Le film a aid\u00e9 \u00e0 forcer des changements de politique, tu peux nous en parler ? <\/em><\/p>\n<p class=\"MsoNormal\">Jawad: Il y avait quelques mouvements mais c&#8217;\u00e9tait tr\u00e8s timide. A croire que les mouvements en question avaient besoin d&#8217;une preuve pour dire au monde ce qui se passe dans ce coin du Maroc. Pour dire aux marocains ce qui se trame dans leur propre pays, avec leur propre ressource et pour dire au monde ce que le Nord, avec son poids politique et \u00e9conomique, inflige au sud. Dakhla et le Maroc n&#8217;est qu&#8217;un exemple de ce qui se passe dans le monde, en Afrique, en Asie et en Am\u00e9rique du Sud. Oui, je ne boude pas mon plaisir de dire que le film, comme El Ejido, la loi du profit, a apport\u00e9 des changements inesp\u00e9r\u00e9s. Il y a le gouvernement su\u00e9dois qui vient de prendre des d\u00e9cisions pour r\u00e9duire, voire interdire \u00e0 sa flotte de piller les ressources du sud, il y a le gouvernement marocain qui vient d&#8217;arr\u00eater les deux chalutiers su\u00e9dois, et entrain de mettre en place de nouvelles lois pour la protection des ressources, et enfin il y a un changement de la loi vis-\u00e0-vis des femmes qui veulent devenir \u00ab p\u00eacheuses \u00bb. Et Ghizlane vient d&#8217;avoir son permis de p\u00eache. Il faut savoir que Ghizlan sortait en mer sans permis, et si elle se faisait arr\u00eater, elle risquait la prison et le patron de la barque une amende et la perte de sa barque. Aujourd&#8217;hui le film sert de preuve et de support pour changer les choses.<\/p>\n<p class=\"MsoNormal\">Merci \u00e0 Jessica Berglund pour l&#8217;aide avec le blogue.<\/p>\n","protected":false},"excerpt":{"rendered":"<p>Aux Rencontres internationales du documentaire de Montr\u00e9al j&#8217;ai vu un film formidable, intitul\u00e9 Les Damn\u00e9s de la mer &#8211; qui a re\u00e7u le prix du meilleur film dans la section \u00c9cosoci\u00e9t\u00e9. C&#8217;est aussi un film qui a eu un impact dans la r\u00e9alit\u00e9 qu&#8217;il d\u00e9crit. Le r\u00e9alisateur Jawad Rhalib filme avec aplomb la surexploitation des &hellip; <a href=\"https:\/\/www.socialdoc.net\/magnus\/2009\/12\/08\/mon-documentaire-prefere-cette-annee-les-damnes-de-la-mer\/\" class=\"more-link\">Continue reading <span class=\"screen-reader-text\">Mon documentaire pr\u00e9f\u00e9r\u00e9 cette ann\u00e9e: Les damn\u00e9s de la mer<\/span><\/a><\/p>\n","protected":false},"author":2,"featured_media":0,"comment_status":"open","ping_status":"open","sticky":false,"template":"","format":"standard","meta":{"footnotes":""},"categories":[10,9],"tags":[],"class_list":["post-742","post","type-post","status-publish","format-standard","hentry","category-festivals","category-francais"],"_links":{"self":[{"href":"https:\/\/www.socialdoc.net\/magnus\/wp-json\/wp\/v2\/posts\/742","targetHints":{"allow":["GET"]}}],"collection":[{"href":"https:\/\/www.socialdoc.net\/magnus\/wp-json\/wp\/v2\/posts"}],"about":[{"href":"https:\/\/www.socialdoc.net\/magnus\/wp-json\/wp\/v2\/types\/post"}],"author":[{"embeddable":true,"href":"https:\/\/www.socialdoc.net\/magnus\/wp-json\/wp\/v2\/users\/2"}],"replies":[{"embeddable":true,"href":"https:\/\/www.socialdoc.net\/magnus\/wp-json\/wp\/v2\/comments?post=742"}],"version-history":[{"count":15,"href":"https:\/\/www.socialdoc.net\/magnus\/wp-json\/wp\/v2\/posts\/742\/revisions"}],"predecessor-version":[{"id":828,"href":"https:\/\/www.socialdoc.net\/magnus\/wp-json\/wp\/v2\/posts\/742\/revisions\/828"}],"wp:attachment":[{"href":"https:\/\/www.socialdoc.net\/magnus\/wp-json\/wp\/v2\/media?parent=742"}],"wp:term":[{"taxonomy":"category","embeddable":true,"href":"https:\/\/www.socialdoc.net\/magnus\/wp-json\/wp\/v2\/categories?post=742"},{"taxonomy":"post_tag","embeddable":true,"href":"https:\/\/www.socialdoc.net\/magnus\/wp-json\/wp\/v2\/tags?post=742"}],"curies":[{"name":"wp","href":"https:\/\/api.w.org\/{rel}","templated":true}]}}