{"id":76,"date":"2008-02-27T00:55:57","date_gmt":"2008-02-27T04:55:57","guid":{"rendered":"http:\/\/www.socialdoc.net\/magnus\/2008\/02\/27\/panel-sur-le-cinema-engage-aux-rvcq\/"},"modified":"2008-02-27T08:52:45","modified_gmt":"2008-02-27T12:52:45","slug":"panel-sur-le-cinema-engage-aux-rvcq","status":"publish","type":"post","link":"https:\/\/www.socialdoc.net\/magnus\/2008\/02\/27\/panel-sur-le-cinema-engage-aux-rvcq\/","title":{"rendered":"Panel sur le cin\u00e9ma engag\u00e9 aux RVCQ"},"content":{"rendered":"<p><a href=\"http:\/\/www.flickr.com\/photos\/12509341@N03\/2295094244\/\" title=\"panel RVCQ by misacsson, on Flickr\"><img loading=\"lazy\" decoding=\"async\" src=\"http:\/\/farm4.static.flickr.com\/3225\/2295094244_e933306580.jpg\" alt=\"panel RVCQ\" height=\"333\" width=\"500\" \/><\/a><\/p>\n<p><em>Photo Sylvain L\u00e9gar\u00e9. <\/em><\/p>\n<p>IL Y A DES EXTRAITS VID\u00c9O DANS CE POST, CERTAINS USAGERS DOIVENT LES ACTIVER EN BAS DE LA PAGE.<\/p>\n<p>La semaine pass\u00e9e j&#8217;ai particip\u00e9 \u00e0 une <strong>discussion de panel sur le cin\u00e9ma engag\u00e9<\/strong>, dans le cadre des <a href=\"http:\/\/www.rvcq.com\/pages\/festival\/\" target=\"_blank\"><strong>Rendez-vous du Cin\u00e9ma Qu\u00e9becois <\/strong><\/a>. J&#8217;ai trouv\u00e9 fort int\u00e9ressant d&#8217;entendre des r\u00e9alisateurs de fiction parler du documentaire, et j&#8217;ai demand\u00e9 \u00e0 mon assistante <strong>Dijana Lazar <\/strong>de r\u00e9sumer le d\u00e9bat et d&#8217;en choisir quelques extraits. Voici ce qu&#8217;elle a retenu:<\/p>\n<blockquote><p>La discussion sur ce sujet percutant et pertinent, autant pour le cin\u00e9ma que pour la soci\u00e9t\u00e9 en g\u00e9n\u00e9rale, a rassembl\u00e9 cinq r\u00e9alisateurs,  vivant chacun \u00e0 leur mani\u00e8re la vocation de &#8216;cin\u00e9aste engag\u00e9&#8217;. <strong>Manon Barbeau, Philippe Falardeau, Richard Desjardins, Bernard \u00c9mond et Magnus Isacsson <\/strong>ont tous, \u00e0 travers leurs oeuvres cin\u00e9matographiques, exprim\u00e9 leurs pr\u00e9occupations sociales ou politiques et d\u00e9busqu\u00e9 des injustices et des in\u00e9galit\u00e9s dans le monde qui les entoure.<br \/>\nL&#8217;animatrice, <strong>Marie-Louise Arsenault<\/strong> a introduit la discussion en posant la m\u00eame question r\u00e9v\u00e9latrice \u00e0 tous les invit\u00e9s : <em>\u00ab Qu&#8217;est-ce l&#8217;engagement pour vous? \u00bb<\/em><\/p>\n<p><strong><a href=\"http:\/\/www.arrq.qc.ca\/html\/TOUS\/BOTT_dossier_printer.php?vCode=271\" target=\"_blank\">Bernard \u00c9mond<\/a> <\/strong>a soulign\u00e9 que l&#8217;engagement social se trouve au coeur de ses pr\u00e9occupations en tant que cin\u00e9aste, et m\u00eame s&#8217;il ne fait de pas des films politiques en soi, ces notions sont toujours pr\u00e9sentes dans ses oeuvres.<br \/>\nIl s&#8217;est aussi pench\u00e9 sur la question du cin\u00e9ma documentaire par rapport au cin\u00e9ma de fiction, d\u00e9non\u00e7ant la situation tr\u00e8s difficile et injuste dans laquelle se trouvent les documentaristes aujourd&#8217;hui au Qu\u00e9bec et soulignant que les meilleures productions du cin\u00e9ma qu\u00e9b\u00e9cois sont issues du cin\u00e9ma documentaire.<\/p>\n<p>[youtube IUJy7iO2gwg]<\/p>\n<p>Pour <a href=\"http:\/\/www.onf.ca\/portraits\/philippe_falardeau\/fr\/\" target=\"_blank\"><strong>Philippe Falardeau<\/strong><\/a> \u00eatre engag\u00e9 : \u00e7a veut surtout dire \u00eatre coh\u00e9rent et fid\u00e8le \u00e0 ses id\u00e9es et \u00e0 ses principes. Il a aussi parl\u00e9 du sort difficile du film documentaire, accusant les t\u00e9l\u00e9diffuseurs de charcuter les films des documentaristes qui travaillent souvent avec moins de moyens mais ayant les m\u00eames obligations au niveau dramatique que les cin\u00e9astes de fiction.<\/p>\n<p>[youtube oITHGBosDNg]<\/p>\n<p>Questionn\u00e9 sur l&#8217;ampleur de son engagement et parlant de la controverse qui entoure souvent ses films, dont <strong>\u2018L&#8217;Erreur Bor\u00e9ale&#8217;<\/strong> qui a soulev\u00e9 un grand d\u00e9bat sur la coupe de bois au Qu\u00e9bec, <a href=\"http:\/\/www.richarddesjardins.qc.ca\/documentaires\/index.html\" target=\"_blank\"><strong>Richard Desjardins<\/strong><\/a> a profit\u00e9 de la tribune pour d\u00e9noncer la mani\u00e8re discriminatoire dont les am\u00e9rindiens sont trait\u00e9s dans la soci\u00e9t\u00e9 qu\u00e9b\u00e9coise, et pr\u00e9coniser une d\u00e9marche sur la sc\u00e8ne internationale afin de rem\u00e9dier \u00e0 leur situation et am\u00e9liorer leurs conditions de vie.<\/p>\n<p>[youtube 6_hSYEcFuZA]<\/p>\n<p><a href=\"http:\/\/www.onf.ca\/portraits\/manon_barbeau\/fr\/\" target=\"_blank\"><strong>Manon Barbeau<\/strong><\/a>, interrog\u00e9e sur la facilit\u00e9 de faire les films engag\u00e9s au Canada et au Qu\u00e9bec, a r\u00e9pliqu\u00e9 que c&#8217;\u00e9tait beaucoup plus facile de r\u00e9aliser ce genre de films ici que dans d&#8217;autres pays, qui subissent les m\u00eames probl\u00e8mes sociaux mais qui ont des syst\u00e8mes de censure tr\u00e8s rigides. Elle a dit que le probl\u00e8me avec le cin\u00e9ma engag\u00e9 au Canada, c&#8217;est souvent la diffusion des films et non leur r\u00e9alisation en soi.<\/p>\n<p>[youtube vf6Reo_u29k]<\/p>\n<p>En finissant la discussion, les invit\u00e9s ont tous partag\u00e9 avec le public les titres de quelques oeuvres cin\u00e9matographiques qui leur tiennent particuli\u00e8rement \u00e0 coeur, et <a href=\"http:\/\/www.socialdoc.net\/isacsson\/indexF.html\" target=\"_blank\"><strong>Magnus Isacsson<\/strong> <\/a>a soulign\u00e9 qu&#8217;il aime beaucoup voir des oeuvres de fiction car il en tire une inspiration pour ses propres films surtout par rapport \u00e0 la construction de la courbe dramatique et l&#8217;exploration des personnages. Il a aussi parl\u00e9 de ce qu&#8217;il consid\u00e8re \u00eatre des \u2018conditions gagnantes&#8217; pour r\u00e9aliser un documentaire qui sera satisfaisant, non seulement par la pertinence du sujet, mais aussi du point de vue dramatique.<\/p>\n<p>[youtube lU35tY4XxtA]<\/p><\/blockquote>\n<p>Merci \u00e0 Michael Julian Berz pour le tournage, \u00e0 Dijana Lazar pour le r\u00e9sum\u00e9 et les extraits vid\u00e9os, et aux RVCQ pour la photo.<\/p>\n","protected":false},"excerpt":{"rendered":"<p>Photo Sylvain L\u00e9gar\u00e9. IL Y A DES EXTRAITS VID\u00c9O DANS CE POST, CERTAINS USAGERS DOIVENT LES ACTIVER EN BAS DE LA PAGE. La semaine pass\u00e9e j&#8217;ai particip\u00e9 \u00e0 une discussion de panel sur le cin\u00e9ma engag\u00e9, dans le cadre des Rendez-vous du Cin\u00e9ma Qu\u00e9becois . J&#8217;ai trouv\u00e9 fort int\u00e9ressant d&#8217;entendre des r\u00e9alisateurs de fiction parler &hellip; <a href=\"https:\/\/www.socialdoc.net\/magnus\/2008\/02\/27\/panel-sur-le-cinema-engage-aux-rvcq\/\" class=\"more-link\">Continue reading <span class=\"screen-reader-text\">Panel sur le cin\u00e9ma engag\u00e9 aux RVCQ<\/span><\/a><\/p>\n","protected":false},"author":2,"featured_media":0,"comment_status":"open","ping_status":"open","sticky":false,"template":"","format":"standard","meta":{"footnotes":""},"categories":[12,10,9],"tags":[],"class_list":["post-76","post","type-post","status-publish","format-standard","hentry","category-documentary-debates","category-festivals","category-francais"],"_links":{"self":[{"href":"https:\/\/www.socialdoc.net\/magnus\/wp-json\/wp\/v2\/posts\/76","targetHints":{"allow":["GET"]}}],"collection":[{"href":"https:\/\/www.socialdoc.net\/magnus\/wp-json\/wp\/v2\/posts"}],"about":[{"href":"https:\/\/www.socialdoc.net\/magnus\/wp-json\/wp\/v2\/types\/post"}],"author":[{"embeddable":true,"href":"https:\/\/www.socialdoc.net\/magnus\/wp-json\/wp\/v2\/users\/2"}],"replies":[{"embeddable":true,"href":"https:\/\/www.socialdoc.net\/magnus\/wp-json\/wp\/v2\/comments?post=76"}],"version-history":[{"count":0,"href":"https:\/\/www.socialdoc.net\/magnus\/wp-json\/wp\/v2\/posts\/76\/revisions"}],"wp:attachment":[{"href":"https:\/\/www.socialdoc.net\/magnus\/wp-json\/wp\/v2\/media?parent=76"}],"wp:term":[{"taxonomy":"category","embeddable":true,"href":"https:\/\/www.socialdoc.net\/magnus\/wp-json\/wp\/v2\/categories?post=76"},{"taxonomy":"post_tag","embeddable":true,"href":"https:\/\/www.socialdoc.net\/magnus\/wp-json\/wp\/v2\/tags?post=76"}],"curies":[{"name":"wp","href":"https:\/\/api.w.org\/{rel}","templated":true}]}}